{"id":5670,"date":"2023-11-14T10:08:00","date_gmt":"2023-11-14T07:08:00","guid":{"rendered":"https:\/\/bilkentnews.bilkent.edu.tr\/?p=5670"},"modified":"2023-11-15T10:31:02","modified_gmt":"2023-11-15T07:31:02","slug":"international-symposium-pigments-colors-and-ideas","status":"publish","type":"post","link":"https:\/\/bilkentnews.bilkent.edu.tr\/?p=5670","title":{"rendered":"International Symposium: \u201cPigments, Colors and Ideas\u201d\u00a0"},"content":{"rendered":"\n<figure class=\"wp-block-embed is-type-video is-provider-youtube wp-block-embed-youtube wp-embed-aspect-16-9 wp-has-aspect-ratio\"><div class=\"wp-block-embed__wrapper\">\n<iframe loading=\"lazy\" title=\"Pigments, Colors and Ideas\" width=\"750\" height=\"422\" src=\"https:\/\/www.youtube.com\/embed\/KtvP46udqBY?feature=oembed\" frameborder=\"0\" allow=\"accelerometer; autoplay; clipboard-write; encrypted-media; gyroscope; picture-in-picture; web-share\" allowfullscreen><\/iframe>\n<\/div><\/figure>\n\n\n\n<p>Organized by the Faculty of Humanities and Letters and the Faculty of Art, Design and Architecture, \u201cPigments, Colors and Ideas,\u201d is an event that includes an international symposium and two exhibitions for the 100th year of the Turkish Republic. Inspired by the national colors of Turkey, red and white, the symposium will explore concepts of pigments, colors and ideas. It will take place <strong>November 23<\/strong> and <strong>24<\/strong>.&nbsp;&nbsp;&nbsp;<\/p>\n\n\n\n<p>\u201cWe are so happy to be organizing a symposium on colors for the first time in Turkey. The symposium will have a holistic approach and will be combined with contemporary artistic creations and students\u2019 works. We are proud to be organizing this event for the 100th centennial of the Turkish Republic,\u201d said Prof. Dominique Kassab Tezg\u00f6r, chair of the Department of Archaeology and the coordinator of the symposium and the event itself.&nbsp;<\/p>\n\n\n\n<p>Two art exhibitions, coordinated by Ekin K\u0131l\u0131\u00e7 Ezer of the Department of Graphic Design, will run parallel to the symposium. Students and faculty members of the Faculty of Art, Design and Architecture, together with well-known national artists, will present works of paintings, graphic art, printmaking, ceramics and other media specifically devoted to the use of \u201csinopia,\u201d the red pigment of Cappadocia. Prof. Yasemin Afacan, chair of the Department of Interior Architecture and Environmental Design, together with M\u00fcge Meng\u00fc Hale of the Department of Communication and Design, will facilitate the logistics of this event.&nbsp;&nbsp;<\/p>\n\n\n\n<p>The event\u2019s opening will take place <strong>November 23<\/strong>rd in the Museum of Anatolian Civilizations. Prof. Yeni\u015fehirlio\u011flu, director of VEKAM (Ko\u00e7 University), will give the inaugural lecture of the symposium. A concert by \u0130pek Dereli and her ensemble will follow the lecture. Afterward, the opening ceremony of the \u201cSinopia Contemporary Art Exhibition,\u201d mentored by Ekin K\u0131l\u0131\u00e7 Ezer, will take place in the unique atmosphere of the antique remains of the museum.&nbsp;&nbsp;&nbsp;&nbsp;<\/p>\n\n\n\n<p>On <strong>November 24<\/strong>, the symposium will be held at Bilkent University and will gather scholars from abroad and other universities in Turkey as well as from Bilkent itself.&nbsp;&nbsp;<\/p>\n\n\n\n<p>A second exhibition of two workshops will follow the symposium, &#8220;Exploring Sinopia,&#8221;mentored by Beata Zalewska of the Department of Fine Arts and &#8220;Sinopia: Pigments, Colors and Textures Workshop,&#8221; mentored by Ekin K\u0131l\u0131\u00e7 Ezer in the FADA Exhibition Hall. On <strong>November 25<\/strong>, there will be a day trip to the archaeological site of Gordion, named a UNESCO world heritage site this September.&nbsp;<\/p>\n\n\n\n<p>For further information, please visit <strong>pci.bilkent.edu.tr<\/strong> and watch Pigments, Colors and Ideas on the Youtube channel of Bilkent COMD.&nbsp;<\/p>\n","protected":false},"excerpt":{"rendered":"<p>Organized by the Faculty of Humanities and Letters and the Faculty of Art, Design and Architecture, \u201cPigments, Colors and Ideas,\u201d is an event that includes an international symposium and two exhibitions for the 100th year of the Turkish Republic. Inspired by the national colors of Turkey, red and white, the<a class=\"read-more\" href=\"https:\/\/bilkentnews.bilkent.edu.tr\/?p=5670\">[Read More&#8230;]<\/a><\/p>\n","protected":false},"author":1,"featured_media":5671,"comment_status":"closed","ping_status":"open","sticky":false,"template":"","format":"standard","meta":[],"categories":[4,80,144,133],"tags":[],"_links":{"self":[{"href":"https:\/\/bilkentnews.bilkent.edu.tr\/index.php?rest_route=\/wp\/v2\/posts\/5670"}],"collection":[{"href":"https:\/\/bilkentnews.bilkent.edu.tr\/index.php?rest_route=\/wp\/v2\/posts"}],"about":[{"href":"https:\/\/bilkentnews.bilkent.edu.tr\/index.php?rest_route=\/wp\/v2\/types\/post"}],"author":[{"embeddable":true,"href":"https:\/\/bilkentnews.bilkent.edu.tr\/index.php?rest_route=\/wp\/v2\/users\/1"}],"replies":[{"embeddable":true,"href":"https:\/\/bilkentnews.bilkent.edu.tr\/index.php?rest_route=%2Fwp%2Fv2%2Fcomments&post=5670"}],"version-history":[{"count":3,"href":"https:\/\/bilkentnews.bilkent.edu.tr\/index.php?rest_route=\/wp\/v2\/posts\/5670\/revisions"}],"predecessor-version":[{"id":5726,"href":"https:\/\/bilkentnews.bilkent.edu.tr\/index.php?rest_route=\/wp\/v2\/posts\/5670\/revisions\/5726"}],"wp:featuredmedia":[{"embeddable":true,"href":"https:\/\/bilkentnews.bilkent.edu.tr\/index.php?rest_route=\/wp\/v2\/media\/5671"}],"wp:attachment":[{"href":"https:\/\/bilkentnews.bilkent.edu.tr\/index.php?rest_route=%2Fwp%2Fv2%2Fmedia&parent=5670"}],"wp:term":[{"taxonomy":"category","embeddable":true,"href":"https:\/\/bilkentnews.bilkent.edu.tr\/index.php?rest_route=%2Fwp%2Fv2%2Fcategories&post=5670"},{"taxonomy":"post_tag","embeddable":true,"href":"https:\/\/bilkentnews.bilkent.edu.tr\/index.php?rest_route=%2Fwp%2Fv2%2Ftags&post=5670"}],"curies":[{"name":"wp","href":"https:\/\/api.w.org\/{rel}","templated":true}]}}