{"id":7342,"date":"2024-10-01T11:43:25","date_gmt":"2024-10-01T08:43:25","guid":{"rendered":"https:\/\/bilkentnews.bilkent.edu.tr\/?p=7342"},"modified":"2024-10-02T10:35:06","modified_gmt":"2024-10-02T07:35:06","slug":"shifting-heritage-opens","status":"publish","type":"post","link":"https:\/\/bilkentnews.bilkent.edu.tr\/?p=7342","title":{"rendered":"\u201cShifting Heritage\u201d Opens\u00a0"},"content":{"rendered":"<div class=\"wp-block-image\">\n<figure class=\"alignleft size-large is-resized\"><img decoding=\"async\" loading=\"lazy\" src=\"https:\/\/bilkentnews.bilkent.edu.tr\/wp-content\/uploads\/2024\/10\/MG_5557-683x1024.jpg\" alt=\"\" class=\"wp-image-7344\" width=\"247\" height=\"370\" srcset=\"https:\/\/bilkentnews.bilkent.edu.tr\/wp-content\/uploads\/2024\/10\/MG_5557-683x1024.jpg 683w, https:\/\/bilkentnews.bilkent.edu.tr\/wp-content\/uploads\/2024\/10\/MG_5557-200x300.jpg 200w, https:\/\/bilkentnews.bilkent.edu.tr\/wp-content\/uploads\/2024\/10\/MG_5557-768x1152.jpg 768w, https:\/\/bilkentnews.bilkent.edu.tr\/wp-content\/uploads\/2024\/10\/MG_5557-1024x1536.jpg 1024w, https:\/\/bilkentnews.bilkent.edu.tr\/wp-content\/uploads\/2024\/10\/MG_5557-1365x2048.jpg 1365w, https:\/\/bilkentnews.bilkent.edu.tr\/wp-content\/uploads\/2024\/10\/MG_5557.jpg 1417w\" sizes=\"(max-width: 247px) 100vw, 247px\" \/><\/figure><\/div>\n\n\n<p>The \u201cShifting Heritage\u201d exhibition, organized by the Department of Communication and Design within the framework of European Heritage Days, opened on September 21. Curated by Bur\u00e7ak Yak\u0131c\u0131 and Andreas Treske, the exhibition can be visited at FADA Exhibition Hall between 11:30 a.m. \u2013 1:30 p.m. until October 6. The exhibition consists of works by Andreas Treske, Boran Aksoy, Deniz Pire, Egemen K\u0131rka\u011fa\u00e7, Ekin K\u0131l\u0131\u00e7 Ezer and Fatma \u00c7ift\u00e7i.&nbsp;&nbsp;<\/p>\n\n\n\n<p>European Heritage Days, a joint initiative of the Council of Europe and the European Commission since 1999, are the most widely celebrated participatory cultural events shared by the inhabitants and visitors of Europe.&nbsp;<\/p>\n","protected":false},"excerpt":{"rendered":"<p>The \u201cShifting Heritage\u201d exhibition, organized by the Department of Communication and Design within the framework of European Heritage Days, opened on September 21. Curated by Bur\u00e7ak Yak\u0131c\u0131 and Andreas Treske, the exhibition can be visited at FADA Exhibition Hall between 11:30 a.m. \u2013 1:30 p.m. until October 6. The exhibition<a class=\"read-more\" href=\"https:\/\/bilkentnews.bilkent.edu.tr\/?p=7342\">[Read More&#8230;]<\/a><\/p>\n","protected":false},"author":1,"featured_media":7343,"comment_status":"closed","ping_status":"open","sticky":false,"template":"","format":"standard","meta":[],"categories":[4,80,167,164],"tags":[],"_links":{"self":[{"href":"https:\/\/bilkentnews.bilkent.edu.tr\/index.php?rest_route=\/wp\/v2\/posts\/7342"}],"collection":[{"href":"https:\/\/bilkentnews.bilkent.edu.tr\/index.php?rest_route=\/wp\/v2\/posts"}],"about":[{"href":"https:\/\/bilkentnews.bilkent.edu.tr\/index.php?rest_route=\/wp\/v2\/types\/post"}],"author":[{"embeddable":true,"href":"https:\/\/bilkentnews.bilkent.edu.tr\/index.php?rest_route=\/wp\/v2\/users\/1"}],"replies":[{"embeddable":true,"href":"https:\/\/bilkentnews.bilkent.edu.tr\/index.php?rest_route=%2Fwp%2Fv2%2Fcomments&post=7342"}],"version-history":[{"count":1,"href":"https:\/\/bilkentnews.bilkent.edu.tr\/index.php?rest_route=\/wp\/v2\/posts\/7342\/revisions"}],"predecessor-version":[{"id":7345,"href":"https:\/\/bilkentnews.bilkent.edu.tr\/index.php?rest_route=\/wp\/v2\/posts\/7342\/revisions\/7345"}],"wp:featuredmedia":[{"embeddable":true,"href":"https:\/\/bilkentnews.bilkent.edu.tr\/index.php?rest_route=\/wp\/v2\/media\/7343"}],"wp:attachment":[{"href":"https:\/\/bilkentnews.bilkent.edu.tr\/index.php?rest_route=%2Fwp%2Fv2%2Fmedia&parent=7342"}],"wp:term":[{"taxonomy":"category","embeddable":true,"href":"https:\/\/bilkentnews.bilkent.edu.tr\/index.php?rest_route=%2Fwp%2Fv2%2Fcategories&post=7342"},{"taxonomy":"post_tag","embeddable":true,"href":"https:\/\/bilkentnews.bilkent.edu.tr\/index.php?rest_route=%2Fwp%2Fv2%2Ftags&post=7342"}],"curies":[{"name":"wp","href":"https:\/\/api.w.org\/{rel}","templated":true}]}}